{"id":29957,"date":"2021-06-29T14:59:39","date_gmt":"2021-06-29T12:59:39","guid":{"rendered":"https:\/\/eyelaser.at\/cand-pot-conduce-din-nou-dupa-corectia-laser-a-vederii\/"},"modified":"2021-06-29T14:59:39","modified_gmt":"2021-06-29T12:59:39","slug":"cand-pot-conduce-din-nou-dupa-corectia-laser-a-vederii","status":"publish","type":"post","link":"https:\/\/eyelaser.at\/ro\/cand-pot-conduce-din-nou-dupa-corectia-laser-a-vederii\/","title":{"rendered":"C\u00e2nd pot conduce din nou dup\u0103 corec\u021bia laser a vederii?"},"content":{"rendered":"<p><iframe title=\"Player video YouTube\" src=\"https:\/\/www.youtube.com\/embed\/go94yoL0aAE\" width=\"560\" height=\"500\" frameborder=\"0\" allowfullscreen=\"allowfullscreen\"><span data-mce-type=\"bookmark\" style=\"display: inline-block; width: 0px; overflow: hidden; line-height: 0;\" class=\"mce_SELRES_start\"><\/span><\/iframe><\/p>\n<h3>Dr. Victor Derhartunian explic\u0103 c\u00e2nd se poate conduce din nou dup\u0103 o opera\u021bie ocular\u0103 cu laser<\/h3>\n<p>Dup\u0103 <a href=\"https:\/\/eyelaser.at\/femto-lasik-augenlasern\/\">Femto-LASIK<\/a>, este de obicei posibil s\u0103 conduce\u021bi f\u0103r\u0103 ochelari a doua zi.<\/p>\n<p>Acest lucru dureaz\u0103 aproximativ o s\u0103pt\u0103m\u00e2n\u0103 pentru un tratament f\u0103r\u0103 incizie.<\/p>\n<p>&nbsp;<\/p>\n","protected":false},"excerpt":{"rendered":"<p>C\u00e2nd pot conduce din nou dup\u0103 corec\u021bia laser a vederii? Afl\u0103 c\u00e2t timp trebuie s\u0103 stai f\u0103r\u0103 ma\u0219ina ta&#8230; <\/p>\n","protected":false},"author":9,"featured_media":0,"comment_status":"closed","ping_status":"closed","sticky":false,"template":"","format":"standard","meta":{"_acf_changed":false,"footnotes":""},"categories":[135],"tags":[],"class_list":["post-29957","post","type-post","status-publish","format-standard","hentry","category-chirurgie-oculara-cu-laser"],"acf":[],"_links":{"self":[{"href":"https:\/\/eyelaser.at\/ro\/wp-json\/wp\/v2\/posts\/29957","targetHints":{"allow":["GET"]}}],"collection":[{"href":"https:\/\/eyelaser.at\/ro\/wp-json\/wp\/v2\/posts"}],"about":[{"href":"https:\/\/eyelaser.at\/ro\/wp-json\/wp\/v2\/types\/post"}],"author":[{"embeddable":true,"href":"https:\/\/eyelaser.at\/ro\/wp-json\/wp\/v2\/users\/9"}],"replies":[{"embeddable":true,"href":"https:\/\/eyelaser.at\/ro\/wp-json\/wp\/v2\/comments?post=29957"}],"version-history":[{"count":0,"href":"https:\/\/eyelaser.at\/ro\/wp-json\/wp\/v2\/posts\/29957\/revisions"}],"wp:attachment":[{"href":"https:\/\/eyelaser.at\/ro\/wp-json\/wp\/v2\/media?parent=29957"}],"wp:term":[{"taxonomy":"category","embeddable":true,"href":"https:\/\/eyelaser.at\/ro\/wp-json\/wp\/v2\/categories?post=29957"},{"taxonomy":"post_tag","embeddable":true,"href":"https:\/\/eyelaser.at\/ro\/wp-json\/wp\/v2\/tags?post=29957"}],"curies":[{"name":"wp","href":"https:\/\/api.w.org\/{rel}","templated":true}]}}