{"id":29887,"date":"2021-06-23T13:40:27","date_gmt":"2021-06-23T11:40:27","guid":{"rendered":"https:\/\/eyelaser.at\/voi-obtine-zero-dioptrii-dupa-tratamentul-cu-laser-pentru-ochi\/"},"modified":"2021-06-23T13:40:27","modified_gmt":"2021-06-23T11:40:27","slug":"voi-obtine-zero-dioptrii-dupa-tratamentul-cu-laser-pentru-ochi","status":"publish","type":"post","link":"https:\/\/eyelaser.at\/ro\/voi-obtine-zero-dioptrii-dupa-tratamentul-cu-laser-pentru-ochi\/","title":{"rendered":"Voi ob\u021bine zero dioptrii dup\u0103 tratamentul cu laser pentru ochi?"},"content":{"rendered":"<p><iframe title=\"Player video YouTube\" src=\"https:\/\/www.youtube.com\/embed\/BuXtEKPhmvk\" width=\"560\" height=\"500\" frameborder=\"0\" allowfullscreen=\"allowfullscreen\"><\/iframe><\/p>\n<h3>Dr. Victor Derhartunian vorbe\u0219te despre acuitatea vizual\u0103 dup\u0103 chirurgia ocular\u0103 cu laser.<\/h3>\n<p>Este posibil s\u0103 ob\u021bine\u021bi dioptrii zero dup\u0103 tratamentul cu laser pentru ochi? Deoarece m\u0103sur\u0103torile dioptriilor sunt supuse unor fluctua\u021bii puternice, nu este \u00eentotdeauna posibil s\u0103 se ob\u021bin\u0103 valori zero dup\u0103 <a href=\"https:\/\/eyelaser.at\/augenlasern-wien\/\">tratamentul cu laser pentru ochi<\/a>. Poate c\u0103 este mai important s\u0103 se ob\u021bin\u0103 o vedere excelent\u0103 din punct de vedere subiectiv.  <\/p>\n<p>Dup\u0103 chirurgia ocular\u0103 cu laser, ar trebui s\u0103 nu mai purta\u021bi ochelari. Sunt posibile mici devia\u021bii, dar acestea nu ar trebui s\u0103 v\u0103 afecteze satisfac\u021bia. <\/p>\n<p>&nbsp;<\/p>\n","protected":false},"excerpt":{"rendered":"<p>Este posibil s\u0103 ob\u021bine\u021bi zero dioptrii dup\u0103 chirurgia ocular\u0103 cu laser? Dr. Victor Derhartunian explic\u0103 vederea dup\u0103 chirurgia ocular\u0103 cu&#8230;<\/p>\n","protected":false},"author":9,"featured_media":0,"comment_status":"closed","ping_status":"closed","sticky":false,"template":"","format":"standard","meta":{"_acf_changed":false,"footnotes":""},"categories":[135],"tags":[],"class_list":["post-29887","post","type-post","status-publish","format-standard","hentry","category-chirurgie-oculara-cu-laser"],"acf":[],"_links":{"self":[{"href":"https:\/\/eyelaser.at\/ro\/wp-json\/wp\/v2\/posts\/29887","targetHints":{"allow":["GET"]}}],"collection":[{"href":"https:\/\/eyelaser.at\/ro\/wp-json\/wp\/v2\/posts"}],"about":[{"href":"https:\/\/eyelaser.at\/ro\/wp-json\/wp\/v2\/types\/post"}],"author":[{"embeddable":true,"href":"https:\/\/eyelaser.at\/ro\/wp-json\/wp\/v2\/users\/9"}],"replies":[{"embeddable":true,"href":"https:\/\/eyelaser.at\/ro\/wp-json\/wp\/v2\/comments?post=29887"}],"version-history":[{"count":0,"href":"https:\/\/eyelaser.at\/ro\/wp-json\/wp\/v2\/posts\/29887\/revisions"}],"wp:attachment":[{"href":"https:\/\/eyelaser.at\/ro\/wp-json\/wp\/v2\/media?parent=29887"}],"wp:term":[{"taxonomy":"category","embeddable":true,"href":"https:\/\/eyelaser.at\/ro\/wp-json\/wp\/v2\/categories?post=29887"},{"taxonomy":"post_tag","embeddable":true,"href":"https:\/\/eyelaser.at\/ro\/wp-json\/wp\/v2\/tags?post=29887"}],"curies":[{"name":"wp","href":"https:\/\/api.w.org\/{rel}","templated":true}]}}