{"id":29723,"date":"2025-01-09T17:48:55","date_gmt":"2025-01-09T16:48:55","guid":{"rendered":"https:\/\/eyelaser.at\/de-unde-provine-cataracta-o-prezentare-generala-a-celor-mai-frecvente-cauze\/"},"modified":"2025-03-07T12:18:07","modified_gmt":"2025-03-07T11:18:07","slug":"de-unde-provine-cataracta-o-prezentare-generala-a-celor-mai-frecvente-cauze","status":"publish","type":"post","link":"https:\/\/eyelaser.at\/ro\/de-unde-provine-cataracta-o-prezentare-generala-a-celor-mai-frecvente-cauze\/","title":{"rendered":"De unde provine cataracta? O prezentare general\u0103 a celor mai frecvente cauze:"},"content":{"rendered":"\n<p><strong>Cataracta<\/strong> este una dintre cele mai frecvente boli oculare la nivel mondial &#8211; \u0219i una dintre cele mai subestimate. Vederea clar\u0103 este \u00eenlocuit\u0103 treptat de o <strong>\u00eence\u021bo\u0219are a cristalinului<\/strong> p\u00e2n\u0103 c\u00e2nd chiar \u0219i activit\u0103\u021bile de zi cu zi, cum ar fi cititul sau <strong>condusul<\/strong>, devin o problem\u0103. Dar ce anume face ca lentila s\u0103 devin\u0103 brusc &#8222;\u00eence\u021bo\u0219at\u0103&#8221;? Este vorba doar de v\u00e2rst\u0103? Sau exist\u0103 <strong>factori de risc<\/strong> ascun\u0219i de care ar trebui s\u0103 fim con\u0219tien\u021bi?    <\/p>\n\n<p>\u00cen acest articol, arunc\u0103m o privire interesant\u0103 \u00een culisele ochilor dumneavoastr\u0103: explic\u0103m cum func\u021bioneaz\u0103 de fapt <strong>cristalinul <\/strong>, ce procese pot declan\u0219a <strong>opacifierea<\/strong> \u0219i de ce cataracta nu mai trebuie s\u0103 fie punctul final al <strong>vederii<\/strong> dumneavoastr\u0103. De asemenea, ve\u021bi afla cum <strong>lentilele artificiale<\/strong> moderne pot transforma cataracta \u00eentr-o \u0219ans\u0103 de a nu mai purta ochelari. <\/p>\n\n<h2 class=\"wp-block-heading\">Ce sunt cataractele: Cauza fiziologic\u0103<\/h2>\n\n<p>Lentila din ochi are dou\u0103 func\u021bii principale:<\/p>\n\n<ul class=\"wp-block-list\">\n<li><strong>Focalizarea luminii:<\/strong> Aceasta asigur\u0103 c\u0103 razele de lumin\u0103 ating retina cu precizie, rezult\u00e2nd imagini clare.<\/li>\n\n\n\n<li><strong>Reglarea puterii de refrac\u021bie:<\/strong> Flexibilitatea lentilei v\u0103 permite s\u0103 vede\u021bi clar at\u00e2t obiectele apropiate, c\u00e2t \u0219i cele \u00eendep\u0103rtate.<\/li>\n<\/ul>\n\n<p>Aceste func\u021bii depind de transparen\u021ba cristalinului. Lentila este format\u0103 din proteine speciale care sunt dispuse \u00eentr-o structur\u0103 clar\u0103 \u0219i organizat\u0103. Dac\u0103 <strong>lentila devine tulbure<\/strong>, aceast\u0103 structur\u0103 se modific\u0103:  <\/p>\n\n<ul class=\"wp-block-list\">\n<li>Proteinele se grupeaz\u0103 sau se rearanjeaz\u0103.<\/li>\n\n\n\n<li>Lumina nu mai poate trece nestingherit\u0103.<\/li>\n\n\n\n<li>Lumina este \u00eempr\u0103\u0219tiat\u0103 \u0219i imaginea de pe retin\u0103 devine neclar\u0103 sau \u00eence\u021bo\u0219at\u0103.<\/li>\n<\/ul>\n\n<p>Acest proces \u00eencepe adesea \u00eentr-o zon\u0103 mic\u0103 \u0219i se extinde treptat &#8211; ini\u021bial neobservat, dar cu o reducere cresc\u00e2nd\u0103 a <strong>acuit\u0103\u021bii vizuale<\/strong>. Aceast\u0103 opacizare este cauza fiziologic\u0103 a <strong>cataractei<\/strong>. <\/p>\n\n<h2 class=\"wp-block-heading\">Cauzele de tulburare a cristalinului ochiului \u00een cataract\u0103<\/h2>\n\n<p>  Aceast\u0103 opacizare a cristalinului poate fi declan\u0219at\u0103 de diverse cauze. Cele mai frecvente cauze care favorizeaz\u0103 apari\u021bia cataractei &#8211; \u00een plus fa\u021b\u0103 de procesul natural de \u00eemb\u0103tr\u00e2nire la o v\u00e2rst\u0103 \u00eenaintat\u0103 &#8211; sunt   <\/p>\n\n<h3 class=\"wp-block-heading\">Modific\u0103ri ale cristalinului legate de v\u00e2rst\u0103  <\/h3>\n\n<p>Odat\u0103 cu \u00eenaintarea \u00een v\u00e2rst\u0103, cristalinul sufer\u0103 modific\u0103ri naturale care favorizeaz\u0103 cataracta. Aceste procese \u00eencep adesea treptat \u0219i fac parte din <strong>procesul<\/strong> normal <strong>de \u00eemb\u0103tr\u00e2nire<\/strong>. <\/p>\n\n<p>Cei mai importan\u021bi factori lega\u021bi de v\u00e2rst\u0103:<\/p>\n\n<ul class=\"wp-block-list\">\n<li><strong>Pierderea flexibilit\u0103\u021bii:<\/strong> Lentila devine mai rigid\u0103 \u00een timp \u0219i nu \u00ee\u0219i mai poate adapta la fel de bine forma. Aceasta este cauza prezbiopiei.   <\/li>\n\n\n\n<li><strong>Modificarea proteinelor:<\/strong> Proteinele speciale din cristalin se modific\u0103. Acestea se aglomereaz\u0103 par\u021bial, ceea ce duce la <strong>opacifierea<\/strong> caracteristic\u0103 <strong>a cristalinului<\/strong>. <\/li>\n\n\n\n<li><strong>Sc\u0103derea transmisiei luminii:<\/strong> Depozitele din \u021besutul cristalinului reduc capacitatea de a transmite lumina clar \u0219i f\u0103r\u0103 obstacole c\u0103tre retin\u0103.<\/li>\n<\/ul>\n\n<p>Aceste modific\u0103ri \u00eencep adesea <strong>\u00eentre 40 \u0219i 50 de ani<\/strong>, dar devin vizibile abia mai t\u00e2rziu. Lentila \u00ee\u0219i pierde claritatea ini\u021bial\u0103, ceea ce \u00eei face pe cei afecta\u021bi s\u0103 se simt\u0103 ca \u0219i cum ar privi printr-un v\u0103l. Vederea \u00eence\u021bo\u0219at\u0103, <strong>acuitatea vizual\u0103<\/strong> redus\u0103 \u0219i problemele \u00een condi\u021bii de iluminare slab\u0103, de exemplu <strong>la condus<\/strong>, sunt simptome tipice.  <\/p>\n\n<p>Prin urmare, v\u00e2rsta este <strong>cea mai frecvent\u0103 cauz\u0103 a cataractei<\/strong>, motiv pentru care aceasta este adesea denumit\u0103 <strong>cataract\u0103 senil\u0103<\/strong>.<\/p>\n\n<h3 class=\"wp-block-heading\">Alte cauze ale cataractei: mai mult dec\u00e2t v\u00e2rsta  <\/h3>\n\n<p><strong>1 Predispozi\u021bia genetic\u0103: Un factor de risc<\/strong><\/p>\n\n<p>Unele persoane dezvolt\u0103 cataract\u0103 mai devreme pentru c\u0103 au o predispozi\u021bie ereditar\u0103 la aceasta. Factorii genetici pot: <\/p>\n\n<ul class=\"wp-block-list\">\n<li>Influen\u021beaz\u0103 metabolismul cristalinului <strong>ocular<\/strong>.<\/li>\n\n\n\n<li>Anumite modific\u0103ri ale proteinelor din cristalin favorizeaz\u0103 acest lucru.<\/li>\n\n\n\n<li>Cauzeaz\u0103 turbiditate chiar \u0219i la o v\u00e2rst\u0103 fraged\u0103.<\/li>\n<\/ul>\n\n<p><strong>2. leziuni ale cristalinului (cataract\u0103 traumatic\u0103)<\/strong><\/p>\n\n<p>Impacturile severe, t\u0103ieturile sau corpurile str\u0103ine pot deteriora permanent lentila. Astfel de leziuni pot: <\/p>\n\n<ul class=\"wp-block-list\">\n<li>Distrug structura cristalinului \u0219i duc astfel la <strong>opacifierea cristalinului<\/strong>.<\/li>\n\n\n\n<li>Acest lucru poate provoca inflama\u021bii, care deterioreaz\u0103 \u0219i mai mult cristalinul.<br\/>Aceast\u0103 form\u0103 de cataract\u0103 este cunoscut\u0103 sub numele de <strong>cataracta traumatica<\/strong>.<\/li>\n<\/ul>\n\n<p><strong>3. infec\u021bii \u0219i inflama\u021bii ale ochiului<\/strong><\/p>\n\n<p>Procesele inflamatorii precum uveita sau infec\u021biile pot afecta cristalinul. Acestea sunt deosebit de critice: <\/p>\n\n<ul class=\"wp-block-list\">\n<li><strong>Infec\u021biile cu rubeol\u0103 \u00een timpul sarcinii<\/strong>, care pot provoca cataract\u0103 congenital\u0103 la copilul nen\u0103scut.<\/li>\n\n\n\n<li>Inflama\u021bie cronic\u0103 sau acut\u0103 care d\u0103uneaz\u0103 direct sau indirect cristalinului.<\/li>\n<\/ul>\n\n<h3 class=\"wp-block-heading\">Opacifierea cristalinului din cauza influen\u021belor externe (factori de risc)<\/h3>\n\n<p>Nu numai v\u00e2rsta sau predispozi\u021bia genetic\u0103, ci \u0219i influen\u021bele externe pot <strong>favoriza opacifierea cristalinului ochiului<\/strong>\u0219i pot accelera dezvoltarea cataractei. Cei mai importan\u021bi factori de risc includ <\/p>\n\n<p><strong>1. Radia\u021bii UV \u0219i radia\u021bii infraro\u0219ii<\/strong><\/p>\n\n<ul class=\"wp-block-list\">\n<li>Expunerea pe termen lung la lumina soarelui, \u00een special la razele UV, deterioreaz\u0103 <strong>cristalinul<\/strong> \u0219i duce la acumularea de radicali liberi.<\/li>\n\n\n\n<li>Cataractele sunt deosebit de frecvente \u00een regiunile cu lumin\u0103 solar\u0103 intens\u0103.<\/li>\n\n\n\n<li>M\u0103sur\u0103 simpl\u0103 de protec\u021bie: purta\u021bi ochelari de soare cu protec\u021bie UV.<\/li>\n<\/ul>\n\n<p><strong>2. fumatul \u0219i poluan\u021bii<\/strong><\/p>\n\n<ul class=\"wp-block-list\">\n<li>Fumatul expune cristalinul la stres oxidativ \u0219i favorizeaz\u0103 formarea de depozite nocive.<\/li>\n\n\n\n<li>Poluarea aerului \u0219i substan\u021bele chimice toxice au un efect d\u0103un\u0103tor similar asupra \u021besutului sensibil al cristalinului.<\/li>\n<\/ul>\n\n<p><strong>3. deficien\u021be nutri\u021bionale \u0219i malnutri\u021bie<\/strong><\/p>\n\n<ul class=\"wp-block-list\">\n<li><strong>Deficitul de antioxidan\u021bi<\/strong>, de exemplu din cauza unei diete dezechilibrate, sl\u0103be\u0219te ap\u0103rarea cristalinului \u00eempotriva daunelor oxidative.<\/li>\n\n\n\n<li>\u00cen <strong>\u021b\u0103rile \u00een curs de dezvoltare<\/strong>, malnutri\u021bia, combinat\u0103 cu radia\u021biile UV, favorizeaz\u0103 dezvoltarea timpurie a cataractei.<\/li>\n<\/ul>\n\n<p><strong>4. medicamente \u0219i boli<\/strong><\/p>\n\n<ul class=\"wp-block-list\">\n<li><strong>Tratamentul pe termen lung cu cortizon<\/strong> poate duce la opacifierea prematur\u0103 <strong>a cristalinului<\/strong>.<\/li>\n\n\n\n<li>Boli precum <strong>diabetul zaharat (diabet)<\/strong> cresc <strong>con\u021binutul de zah\u0103r din umoarea apoas\u0103<\/strong>, care poate deteriora cristalinul \u0219i favoriza cataracta.<\/li>\n<\/ul>\n\n<h2 class=\"wp-block-heading\">Recunoa\u0219terea simptomelor cataractei:  <\/h2>\n\n<p>Simptomele tipice ale <strong>cataractei<\/strong> se dezvolt\u0103 treptat \u0219i se intensific\u0103 \u00een timp. \u00cen stadiile incipiente, cei afecta\u021bi observ\u0103 adesea doar schimb\u0103ri minore, cum ar fi <\/p>\n\n<ul class=\"wp-block-list\">\n<li><strong>Vedere \u00eence\u021bo\u0219at\u0103<\/strong> sau contururi \u00eence\u021bo\u0219ate.<\/li>\n\n\n\n<li>Dificultate \u00een perceperea contrastelor, \u00een special \u00een condi\u021bii de lumin\u0103 slab\u0103, de exemplu <strong>atunci c\u00e2nd conduce\u021bi \u00een amurg<\/strong>.<\/li>\n<\/ul>\n\n<p>\u00centr-un stadiu avansat, simptomele devin mai severe:<\/p>\n\n<ul class=\"wp-block-list\">\n<li><strong>Vedere \u00eence\u021bo\u0219at\u0103<\/strong>, ca \u0219i cum a\u021bi privi printr-un v\u0103l.<\/li>\n\n\n\n<li>Sensibilitate crescut\u0103 la lumin\u0103, \u00een special \u00een lumina puternic\u0103 a soarelui sau la farurile ma\u0219inilor.<\/li>\n\n\n\n<li>Culorile par mai palide, iar <strong>acuitatea vizual\u0103<\/strong> scade semnificativ.<\/li>\n<\/ul>\n\n<p>Dac\u0103 cataracta r\u0103m\u00e2ne netratat\u0103, opacifierea progresiv\u0103 <strong>a cristalinului<\/strong> poate afecta <strong>vederea<\/strong> \u00eentr-o asemenea m\u0103sur\u0103 \u00eenc\u00e2t poate duce la <strong>orbire<\/strong> complet\u0103. Cu toate acestea, interven\u021bia \u00een timp util, cum ar fi chirurgia cataractei, poate preveni acest lucru. <\/p>\n\n<h2 class=\"wp-block-heading\">Chirurgia cataractei: Chirurgia cataractei  <\/h2>\n\n<p><strong>Chirurgia cataractei<\/strong> este una dintre cele mai frecvente \u0219i mai sigure proceduri din lume. Lentila tulbure este \u00eendep\u0103rtat\u0103 \u0219i \u00eenlocuit\u0103 cu o <strong>lentil\u0103 artificial\u0103<\/strong>. Procedura se efectueaz\u0103 de obicei \u00een ambulatoriu, este rapid\u0103, nedureroas\u0103 \u0219i dureaz\u0103 adesea mai pu\u021bin de 20 de minute.  <\/p>\n\n<p>Pentru mul\u021bi pacien\u021bi, <strong>opera\u021bia de cataract\u0103 lifestyle<\/strong> cu <strong>lentile multifocale<\/strong> moderne ofer\u0103 o calitate suplimentar\u0103 a vie\u021bii: aceste lentile speciale corecteaz\u0103 simultan defecte de vedere precum <strong>miopia<\/strong>, <strong>hipermetropia<\/strong> sau <strong>astigmatismul<\/strong>. Aceasta \u00eenseamn\u0103 c\u0103 pacien\u021bii pot renun\u021ba adesea complet la ochelari dup\u0103 opera\u021bie &#8211; chiar \u0219i pentru vederea de aproape \u0219i de departe. Aceast\u0103 tehnologie transform\u0103 cataracta \u00eentr-o oportunitate de a \u00eembun\u0103t\u0103\u021bi nu numai <strong>vederea,<\/strong> ci \u0219i <strong>calitatea vie\u021bii<\/strong> pe termen lung.  <\/p>\n\n<h3 class=\"wp-block-heading\">Opera\u021bia de cataract\u0103 se efectueaz\u0103 aici: EyeLaser Viena &amp; Linz<\/h3>\n\n<p>Dori\u021bi s\u0103 \u0219ti\u021bi dac\u0103 opera\u021bia de cataract\u0103 este o op\u021biune pentru dumneavoastr\u0103? Aranja\u021bi un <strong>test de aptitudini<\/strong> gratuit \u0219i f\u0103r\u0103 obliga\u021bii sau o examinare preliminar\u0103 complet\u0103 cu speciali\u0219tii \/ oftalmologii cu experien\u021b\u0103 de la <strong>EyeLaser Viena &amp; Linz<\/strong>. <\/p>\n\n<p>Ochii dvs. vor fi examina\u021bi \u00een detaliu aici \u0219i ve\u021bi primi sfaturi personalizate cu privire la cele mai bune op\u021biuni de tratament.  <strong>Asigura\u021bi-v\u0103 programarea acum!<\/strong><\/p>\n","protected":false},"excerpt":{"rendered":"<p>Cataracta este una dintre cele mai frecvente boli oculare la nivel mondial &#8211; \u0219i una dintre cele mai subestimate. Vederea&#8230;<\/p>\n","protected":false},"author":9,"featured_media":29070,"comment_status":"closed","ping_status":"closed","sticky":false,"template":"","format":"standard","meta":{"_acf_changed":false,"footnotes":""},"categories":[197,169],"tags":[],"class_list":["post-29723","post","type-post","status-publish","format-standard","has-post-thumbnail","hentry","category-cataracta","category-chirurgia-cataractei"],"acf":[],"_links":{"self":[{"href":"https:\/\/eyelaser.at\/ro\/wp-json\/wp\/v2\/posts\/29723","targetHints":{"allow":["GET"]}}],"collection":[{"href":"https:\/\/eyelaser.at\/ro\/wp-json\/wp\/v2\/posts"}],"about":[{"href":"https:\/\/eyelaser.at\/ro\/wp-json\/wp\/v2\/types\/post"}],"author":[{"embeddable":true,"href":"https:\/\/eyelaser.at\/ro\/wp-json\/wp\/v2\/users\/9"}],"replies":[{"embeddable":true,"href":"https:\/\/eyelaser.at\/ro\/wp-json\/wp\/v2\/comments?post=29723"}],"version-history":[{"count":0,"href":"https:\/\/eyelaser.at\/ro\/wp-json\/wp\/v2\/posts\/29723\/revisions"}],"wp:featuredmedia":[{"embeddable":true,"href":"https:\/\/eyelaser.at\/ro\/wp-json\/wp\/v2\/media\/29070"}],"wp:attachment":[{"href":"https:\/\/eyelaser.at\/ro\/wp-json\/wp\/v2\/media?parent=29723"}],"wp:term":[{"taxonomy":"category","embeddable":true,"href":"https:\/\/eyelaser.at\/ro\/wp-json\/wp\/v2\/categories?post=29723"},{"taxonomy":"post_tag","embeddable":true,"href":"https:\/\/eyelaser.at\/ro\/wp-json\/wp\/v2\/tags?post=29723"}],"curies":[{"name":"wp","href":"https:\/\/api.w.org\/{rel}","templated":true}]}}