{"id":28724,"date":"2021-07-28T15:39:08","date_gmt":"2021-07-28T13:39:08","guid":{"rendered":"https:\/\/eyelaser.at\/operatia-cu-laser-la-ochi-si-asigurarea-de-sanatate-este-platita\/"},"modified":"2021-07-28T15:39:08","modified_gmt":"2021-07-28T13:39:08","slug":"operatia-cu-laser-la-ochi-si-asigurarea-de-sanatate-este-platita","status":"publish","type":"post","link":"https:\/\/eyelaser.at\/ro\/operatia-cu-laser-la-ochi-si-asigurarea-de-sanatate-este-platita\/","title":{"rendered":"Opera\u021bia cu laser la ochi \u0219i asigurarea de s\u0103n\u0103tate: este pl\u0103tit\u0103?"},"content":{"rendered":"<p><iframe width=\"560\" height=\"500\" src=\"https:\/\/www.youtube.com\/embed\/9LjK2U20fCk\" title=\"Player video YouTube\" frameborder=\"0\" allow=\"accelerometer; autoplay; clipboard-write; encrypted-media; gyroscope; picture-in-picture\" allowfullscreen=\"\"><\/iframe><\/p>\n<h3>Dr. Victor Derhartunain explic\u0103 dac\u0103 societ\u0103\u021bile de asigur\u0103ri de s\u0103n\u0103tate acoper\u0103 corec\u021bia laser a vederii.<\/h3>\n<p> <a href=\"https:\/\/eyelaser.at\/augenlasern-wien\/\">\u00cen<\/a> principiu, <a href=\"https:\/\/eyelaser.at\/augenlasern-wien\/\">corec\u021bia vederii<\/a> <a href=\"https:\/\/eyelaser.at\/augenlasern-kosten\/\">nu este acoperit\u0103<\/a> de <a href=\"https:\/\/eyelaser.at\/augenlasern-kosten\/\">asigurarea de s\u0103n\u0103tate legal\u0103<\/a>.<br \/>\nCompaniile private de asigur\u0103ri de s\u0103n\u0103tate pl\u0103tesc uneori ceva \u00een plus, dar acest lucru necesit\u0103 o clarificare individual\u0103 \u00een care pacientul prime\u0219te o estimare a costurilor cu un diagnostic \u0219i, de asemenea, clarific\u0103 acest lucru personal.   &nbsp;<\/p>\n","protected":false},"excerpt":{"rendered":"<p>Opera\u021bia cu laser la ochi \u0219i asigurarea de s\u0103n\u0103tate: Este acoperit\u0103?<br \/>\nDr. Victor Derhartunian explic\u0103 dac\u0103 societ\u0103\u021bile de asigur\u0103ri de...","protected":false},"author":9,"featured_media":0,"comment_status":"closed","ping_status":"closed","sticky":false,"template":"","format":"standard","meta":{"_acf_changed":false,"footnotes":""},"categories":[135],"tags":[],"class_list":["post-28724","post","type-post","status-publish","format-standard","hentry","category-chirurgie-oculara-cu-laser"],"acf":[],"_links":{"self":[{"href":"https:\/\/eyelaser.at\/ro\/wp-json\/wp\/v2\/posts\/28724","targetHints":{"allow":["GET"]}}],"collection":[{"href":"https:\/\/eyelaser.at\/ro\/wp-json\/wp\/v2\/posts"}],"about":[{"href":"https:\/\/eyelaser.at\/ro\/wp-json\/wp\/v2\/types\/post"}],"author":[{"embeddable":true,"href":"https:\/\/eyelaser.at\/ro\/wp-json\/wp\/v2\/users\/9"}],"replies":[{"embeddable":true,"href":"https:\/\/eyelaser.at\/ro\/wp-json\/wp\/v2\/comments?post=28724"}],"version-history":[{"count":0,"href":"https:\/\/eyelaser.at\/ro\/wp-json\/wp\/v2\/posts\/28724\/revisions"}],"wp:attachment":[{"href":"https:\/\/eyelaser.at\/ro\/wp-json\/wp\/v2\/media?parent=28724"}],"wp:term":[{"taxonomy":"category","embeddable":true,"href":"https:\/\/eyelaser.at\/ro\/wp-json\/wp\/v2\/categories?post=28724"},{"taxonomy":"post_tag","embeddable":true,"href":"https:\/\/eyelaser.at\/ro\/wp-json\/wp\/v2\/tags?post=28724"}],"curies":[{"name":"wp","href":"https:\/\/api.w.org\/{rel}","templated":true}]}}