{"id":28475,"date":"2021-07-29T15:49:23","date_gmt":"2021-07-29T13:49:23","guid":{"rendered":"https:\/\/eyelaser.at\/la-ce-varsta-poti-sa-ti-faci-laser-la-ochi\/"},"modified":"2021-07-29T15:49:23","modified_gmt":"2021-07-29T13:49:23","slug":"la-ce-varsta-poti-sa-ti-faci-laser-la-ochi","status":"publish","type":"post","link":"https:\/\/eyelaser.at\/ro\/la-ce-varsta-poti-sa-ti-faci-laser-la-ochi\/","title":{"rendered":"La ce v\u00e2rst\u0103 po\u021bi s\u0103-\u021bi faci laser la ochi?"},"content":{"rendered":"<p><iframe width=\"560\" height=\"500\" src=\"https:\/\/www.youtube.com\/embed\/-JZL3ke4PXg\" title=\"Player video YouTube\" frameborder=\"0\" allow=\"accelerometer; autoplay; clipboard-write; encrypted-media; gyroscope; picture-in-picture\" allowfullscreen=\"\"><\/iframe><\/p>\n<h3>Dr. Victor Derhartunian explic\u0103 c\u00e2nd este recomandat\u0103 corec\u021bia vederii cu laser<\/h3>\n<p>  \u00cen principiu, <a href=\"https:\/\/eyelaser.at\/augenlasern-wien\/\">chirurgia ocular\u0103 cu laser<\/a> nu este o recomandare; este o decizie pe care trebuie s\u0103 o lua\u021bi singur.<br \/>\nChirurgul v\u0103 va \u00eenso\u021bi.<br \/>\nEl sau ea v\u0103 va examina, v\u0103 va lua valorile, v\u0103 va opera \u0219i se va asigura c\u0103 rezultatul este optim.<br \/>\nMomentul optim pentru chirurgia ocular\u0103 cu laser este doar atunci c\u00e2nd vederea la distan\u021b\u0103 este stabil\u0103.<br \/>\nAceasta \u00eenseamn\u0103 c\u0103 trebuie s\u0103 ave\u021bi prescrip\u021bii stabile pentru ochelari pentru o anumit\u0103 perioad\u0103 de timp, cel pu\u021bin un an.<br \/>\nDoar atunci este de fapt o garan\u021bie c\u0103 acuitatea dvs. vizual\u0103 nu se va schimba \u00een viitor.<br \/>\nExist\u0103 pacien\u021bi care au valori stabile ale ochelarilor la v\u00e2rsta de 18 ani \u0219i exist\u0103, de asemenea, pacien\u021bi la v\u00e2rsta de 28 de ani care \u00eenc\u0103 nu au stabilitate.<br \/>\nAceasta \u00eenseamn\u0103 c\u0103 trebuie s\u0103 evalua\u021bi aceast\u0103 stabilitate \u00een mod obiectiv \u0219i s\u0103 o compara\u021bi pur \u0219i simplu.<br \/>\nFie c\u0103 este vorba de valori vechi ale ochelarilor, dac\u0103 pacientul aduce un pahar vechi de ochelari sau valori vechi ale lentilelor de contact, sau chiar dac\u0103 \u00ee\u0219i aduce ochelarii vechi cu el.<br \/>\nApoi putem m\u0103sura ace\u0219ti ochelari.<br \/>\nDac\u0103 \u0219tim c\u00e2t de vechi sunt ace\u0219ti ochelari, compar\u0103m acest lucru cu examinarea din timpul preg\u0103tirii pentru opera\u021bia ocular\u0103 cu laser, iar acest lucru ne ofer\u0103 la r\u00e2ndul s\u0103u o m\u0103surare foarte obiectiv\u0103.<br \/>\nAceasta este baza stabilit\u0103\u021bii dup\u0103 opera\u021bia ocular\u0103 cu laser.             &nbsp;<\/p>\n","protected":false},"excerpt":{"rendered":"<p>La ce v\u00e2rst\u0103 se poate face opera\u021bia ocular\u0103 cu laser?<br \/>\nDr. Victor Derhartunian explic\u0103 c\u00e2nd este recomandat\u0103 corec\u021bia ocular\u0103 cu...","protected":false},"author":9,"featured_media":0,"comment_status":"closed","ping_status":"closed","sticky":false,"template":"","format":"standard","meta":{"_acf_changed":false,"footnotes":""},"categories":[135],"tags":[],"class_list":["post-28475","post","type-post","status-publish","format-standard","hentry","category-chirurgie-oculara-cu-laser"],"acf":[],"_links":{"self":[{"href":"https:\/\/eyelaser.at\/ro\/wp-json\/wp\/v2\/posts\/28475","targetHints":{"allow":["GET"]}}],"collection":[{"href":"https:\/\/eyelaser.at\/ro\/wp-json\/wp\/v2\/posts"}],"about":[{"href":"https:\/\/eyelaser.at\/ro\/wp-json\/wp\/v2\/types\/post"}],"author":[{"embeddable":true,"href":"https:\/\/eyelaser.at\/ro\/wp-json\/wp\/v2\/users\/9"}],"replies":[{"embeddable":true,"href":"https:\/\/eyelaser.at\/ro\/wp-json\/wp\/v2\/comments?post=28475"}],"version-history":[{"count":0,"href":"https:\/\/eyelaser.at\/ro\/wp-json\/wp\/v2\/posts\/28475\/revisions"}],"wp:attachment":[{"href":"https:\/\/eyelaser.at\/ro\/wp-json\/wp\/v2\/media?parent=28475"}],"wp:term":[{"taxonomy":"category","embeddable":true,"href":"https:\/\/eyelaser.at\/ro\/wp-json\/wp\/v2\/categories?post=28475"},{"taxonomy":"post_tag","embeddable":true,"href":"https:\/\/eyelaser.at\/ro\/wp-json\/wp\/v2\/tags?post=28475"}],"curies":[{"name":"wp","href":"https:\/\/api.w.org\/{rel}","templated":true}]}}