{"id":27550,"date":"2024-05-21T23:55:53","date_gmt":"2024-05-21T21:55:53","guid":{"rendered":"https:\/\/eyelaser.at\/intoleranta-la-lentilele-de-contact-cauze-sfaturi-si-optiuni-de-tratament\/"},"modified":"2024-10-02T20:45:40","modified_gmt":"2024-10-02T18:45:40","slug":"intoleranta-la-lentilele-de-contact-cauze-sfaturi-si-optiuni-de-tratament","status":"publish","type":"post","link":"https:\/\/eyelaser.at\/ro\/intoleranta-la-lentilele-de-contact-cauze-sfaturi-si-optiuni-de-tratament\/","title":{"rendered":"Intoleran\u021ba la lentilele de contact: cauze, sfaturi \u0219i op\u021biuni de tratament"},"content":{"rendered":"\n<p>Lentilele de contact sunt un ajutor vizual popular.\nCu toate acestea, purtarea lor nu este \u00eentotdeauna posibil\u0103 f\u0103r\u0103 disconfort: multe persoane sufer\u0103 de intoleran\u021b\u0103 la lentilele de contact.\nAcest articol explic\u0103 <strong>simptomele intoleran\u021bei la lentilele de contact <\/strong>, ce pute\u021bi face \u00een aceast\u0103 privin\u021b\u0103 \u0219i ce alternative exist\u0103 la lentilele de contact.  <\/p>\n\n<h2 class=\"wp-block-heading\">Dezvoltarea \u0219i simptomele intoleran\u021bei la lentilele de contact<\/h2>\n\n<p>O lentil\u0103 de contact acoper\u0103 corneea.\nAcest lucru \u00eempiedic\u0103 <strong>transportul nutrien\u021bilor din filmul lacrimal c\u0103tre cornee<\/strong>.\nSub lentila de contact se acumuleaz\u0103 substan\u021be de degradare, care nu pot fi eliminate dec\u00e2t cu dificultate prin intermediul filmului lacrimal.\nAcest lucru poate duce la intoleran\u021b\u0103 la lentilele de contact, care provoac\u0103 diverse simptome.\nCei afecta\u021bi sufer\u0103 de simptome precum    <\/p>\n\n<ul class=\"wp-block-list\">\n<li>Ro\u0219ea\u021b\u0103 \u0219i inflama\u021bie<\/li>\n\n\n\n<li>M\u00e2nc\u0103rime  <\/li>\n\n\n\n<li>Senza\u021bie de arsur\u0103<\/li>\n\n\n\n<li>Ochi apo\u0219i<\/li>\n\n\n\n<li>Modific\u0103ri inflamatorii pe interiorul pleoapei superioare<\/li>\n<\/ul>\n\n<h2 class=\"wp-block-heading\">Cauze ale intoleran\u021bei la lentilele de contact<\/h2>\n\n<p>O posibil\u0103 cauz\u0103 care duce la simptome de intoleran\u021b\u0103 la lentilele de contact este o <strong>reac\u021bie alergic\u0103.<\/strong> Alergia poate fi legat\u0103 at\u00e2t de materialele lentilelor de contact \u00een sine (silicon \u0219i plastic), c\u00e2t \u0219i de solu\u021bia pentru lentile de contact.\nO reac\u021bie alergic\u0103 ar trebui luat\u0103 \u00een considerare \u00een special dac\u0103 suferi\u021bi deja de alte alergii \u0219i sensibilit\u0103\u021bi ale pielii.\nCu toate acestea, alte cauze pot declan\u0219a intoleran\u021ba la lentilele de contact:  <\/p>\n\n<div class=\"wp-block-columns is-layout-flex wp-container-core-columns-is-layout-9d6595d7 wp-block-columns-is-layout-flex\">\n<div class=\"wp-block-column is-vertically-aligned-center is-layout-flow wp-block-column-is-layout-flow\">\n<h3 class=\"wp-block-heading\">Igien\u0103 precar\u0103<\/h3>\n\n\n\n<p>Dac\u0103 lentilele de contact nu sunt cur\u0103\u021bate \u0219i dezinfectate suficient, se pot acumula <strong>germeni, murd\u0103rie \u0219i depozite de proteine<\/strong>.\nAcest lucru nu numai c\u0103 provoac\u0103 irita\u021bii ale ochiului, dar cre\u0219te \u0219i riscul de infec\u021bie.\nPrin urmare, este cu at\u00e2t mai important ca lentilele de contact s\u0103 fie <strong>cur\u0103\u021bate \u00een mod regulat<\/strong> \u0219i ca m\u00e2inile s\u0103 fie sp\u0103late \u00eenainte de inserarea \u0219i \u00eendep\u0103rtarea lor.    <\/p>\n\n\n\n<h3 class=\"wp-block-heading\">Ochi usca\u021bi  <\/h3>\n\n\n\n<p>Dac\u0103 suferi\u021bi deja de <a href=\"https:\/\/eyelaser.at\/ro\/ochi-uscati\/\">ochi usca\u021bi<\/a>, atunci ave\u021bi un risc crescut de intoleran\u021b\u0103 la lentilele de contact.\nPurtarea lentilelor de contact <strong>afecteaz\u0103 produc\u021bia natural\u0103 de lacrimi.<\/strong> Acest lucru poate intensifica usc\u0103ciunea ochilor.\nDe multe ori, aceasta nu este recunoscut\u0103 ca fiind cauza.\nAcest lucru se datoreaz\u0103 faptului c\u0103, atunci c\u00e2nd sunt purtate, lentilele de contact ac\u021bioneaz\u0103 ca un capac care protejeaz\u0103 ochiul mai bine dec\u00e2t filmul lacrimal.\nUsc\u0103ciunea crescut\u0103 este observat\u0103 doar atunci c\u00e2nd lentila de contact este \u00eendep\u0103rtat\u0103.    <\/p>\n\n\n\n<h3 class=\"wp-block-heading\">Reglare incorect\u0103 sau aplicare incorect\u0103<\/h3>\n\n\n\n<p>De asemenea, este important ca lentilele de contact s\u0103 se potriveasc\u0103 bine.\n <strong>Adaptarea necorespunz\u0103toare a lentilelor de contact<\/strong> la ochiul individual poate duce la frecare, puncte de presiune \u0219i ciupire a ochiului.\nUtilizarea incorect\u0103 poate provoca, de asemenea, intoleran\u021b\u0103 la lentilele de contact.\nDac\u0103 se dep\u0103\u0219e\u0219te timpul de purtare recomandat pentru lentilele de contact, acest lucru poate duce la iritarea \u0219i uscarea ochilor.     <\/p>\n<\/div>\n\n\n\n<div class=\"wp-block-column is-vertically-aligned-center is-layout-flow wp-block-column-is-layout-flow\"><div class=\"wp-block-image is-style-rounded\">\n<figure class=\"aligncenter size-large\"><img decoding=\"async\" width=\"512\" height=\"1024\" src=\"https:\/\/eyelaser.at\/wp-content\/uploads\/2024\/05\/Mann-mit-schmerzenden-Augen-512x1024.webp\" alt=\"Omul cu ochii &#xEE;ndurera&#x21B;i\" class=\"wp-image-24046\" style=\"aspect-ratio:2\/3;object-fit:cover\" srcset=\"https:\/\/eyelaser.at\/wp-content\/uploads\/2024\/05\/Mann-mit-schmerzenden-Augen-512x1024.webp 512w, https:\/\/eyelaser.at\/wp-content\/uploads\/2024\/05\/Mann-mit-schmerzenden-Augen-150x300.webp 150w, https:\/\/eyelaser.at\/wp-content\/uploads\/2024\/05\/Mann-mit-schmerzenden-Augen-768x1536.webp 768w, https:\/\/eyelaser.at\/wp-content\/uploads\/2024\/05\/Mann-mit-schmerzenden-Augen-1024x2048.webp 1024w, https:\/\/eyelaser.at\/wp-content\/uploads\/2024\/05\/Mann-mit-schmerzenden-Augen.webp 1200w\" sizes=\"(max-width: 512px) 100vw, 512px\" \/><\/figure>\n<\/div><\/div>\n<\/div>\n\n<h3 class=\"wp-block-heading\"><\/h3>\n\n<h3 class=\"wp-block-heading\">Modific\u0103ri hormonale<\/h3>\n\n<p>Fluctua\u021biile hormonale pot duce, de asemenea, la intoleran\u021b\u0103 la lentilele de contact.\nProblema poate fi declan\u0219at\u0103 la femei \u00een special de <\/p>\n\n<ul class=\"wp-block-list\">\n<li>Luarea pilulei<\/li>\n\n\n\n<li>Sarcina  <\/li>\n\n\n\n<li>Menopauza<\/li>\n<\/ul>\n\n<h3 class=\"wp-block-heading\">Stil de via\u021b\u0103 nes\u0103n\u0103tos<\/h3>\n\n<p>Un stil de via\u021b\u0103 nes\u0103n\u0103tos cre\u0219te probabilitatea c\u0103 ve\u021bi suferi de intoleran\u021b\u0103 la lentilele de contact.\nLucrurile care contribuie la un stil de via\u021b\u0103 nes\u0103n\u0103tos sunt: Fumatul, lipsa unei alimenta\u021bii echilibrate \u0219i hidratarea inadecvat\u0103. <\/p>\n\n<h2 class=\"wp-block-heading\">Luarea de contram\u0103suri \u00een cazul intoleran\u021bei la lentilele de contact<\/h2>\n\n<h3 class=\"wp-block-heading\">Consulta\u021bi un specialist<\/h3>\n\n<p>Dac\u0103 prezenta\u021bi simptome de intoleran\u021b\u0103 la lentilele de contact, trebuie mai \u00eent\u00e2i s\u0103 v\u0103 consulta\u021bi <strong>oftalmologul sau opticianul<\/strong>.\nAce\u0219tia v\u0103 vor ajuta s\u0103 g\u0103si\u021bi cauza intoleran\u021bei.\n\u00cen acela\u0219i timp, simptomele, cum ar fi inflama\u021bia, pot fi tratate medical <strong>cu pic\u0103turi pentru ochi, unguente sau medicamente <\/strong>.  <\/p>\n\n<h3 class=\"wp-block-heading\">Adaptarea lentilelor de contact \u0219i a produselor de \u00eengrijire<\/h3>\n\n<p>De asemenea, ar trebui s\u0103 v\u0103 reconsidera\u021bi m\u0103surile de igien\u0103.\n <strong>Cur\u0103\u021barea \u0219i dezinfectarea<\/strong> regulat\u0103 <strong>a lentilelor de contact<\/strong> \u0219i utilizarea produselor de \u00eengrijire adecvate reduc la minimum riscul de intoleran\u021b\u0103 la lentilele de contact.\nDac\u0103 este necesar, o schimbare a m\u0103rcii sau a materialului lentilelor de contact poate ajuta.  <\/p>\n\n<h3 class=\"wp-block-heading\">Lentile de contact personalizate  <\/h3>\n\n<p>Este posibil s\u0103 fie necesar\u0103 verificarea din nou a<strong> dimensiunii lentilelor de contact<\/strong>.\nAcest lucru este necesar pentru a evita <strong>frecarea, iritarea sau deteriorarea mecanic\u0103 a<\/strong> corneei cauzate de lentilele de contact neadecvate.\nPrin urmare, trebuie s\u0103 participa\u021bi la examin\u0103ri de control regulate.  <\/p>\n\n<h3 class=\"wp-block-heading\">Trece\u021bi la lentile zilnice de unic\u0103 folosin\u021b\u0103<\/h3>\n\n<p>Lentilele zilnice de unic\u0103 folosin\u021b\u0103 sunt utilizate o singur\u0103 dat\u0103 \u0219i apoi aruncate.\n <strong>Schimbarea lentilelor \u00een fiecare zi<\/strong> faciliteaz\u0103 respectarea m\u0103surilor de igien\u0103.\nCur\u0103\u021barea zilnic\u0103 nu mai este necesar\u0103.\nDe asemenea, evita\u021bi acumularea de depuneri pe lentilele de contact, care pot duce la irita\u021bii.   <\/p>\n\n<h3 class=\"wp-block-heading\">Reduce\u021bi timpul de purtare a lentilelor de contact \u0219i face\u021bi pauze<\/h3>\n\n<p>Timpul recomandat pentru purtarea lentilelor de contact variaz\u0103 \u00een func\u021bie de produc\u0103tor \u0219i de material.\nAr trebui s\u0103 respecta\u021bi \u00eentotdeauna acest lucru.\nDac\u0103 suferi\u021bi deja de simptome de intoleran\u021b\u0103, poate fi util s\u0103 reduce\u021bi \u0219i mai mult timpul de purtare.\nDe asemenea, este recomandabil s\u0103 ave\u021bi zile \u00een care s\u0103 lua\u021bi o pauz\u0103 de la purtarea lentilelor de contact \u0219i s\u0103 utiliza\u021bi \u00een schimb mijloace vizuale alternative &#8211; acest lucru permite ochilor s\u0103 se refac\u0103.   <\/p>\n\n<div class=\"wp-block-columns is-layout-flex wp-container-core-columns-is-layout-9d6595d7 wp-block-columns-is-layout-flex\">\n<div class=\"wp-block-column is-vertically-aligned-center is-layout-flow wp-block-column-is-layout-flow\"><div class=\"wp-block-image is-style-rounded\">\n<figure class=\"aligncenter size-large is-resized\"><img decoding=\"async\" width=\"1024\" height=\"532\" src=\"https:\/\/eyelaser.at\/wp-content\/uploads\/2023\/09\/iStock-943080858-e1695707167523-1024x532.webp\" alt=\"Femeie care injecteaz&#x103; pic&#x103;turi oftalmologice &#xEE;n ochi\" class=\"wp-image-22515\" style=\"aspect-ratio:3\/4;object-fit:cover;width:300px\"\/><\/figure>\n<\/div><\/div>\n\n\n\n<div class=\"wp-block-column is-vertically-aligned-center is-layout-flow wp-block-column-is-layout-flow\">\n<h3 class=\"wp-block-heading\">Utilizarea pic\u0103turilor pentru ochi<\/h3>\n\n\n\n<p>Dac\u0103 lentilele de contact provoac\u0103 usc\u0103ciunea ochilor sau agraveaz\u0103 usc\u0103ciunea, pute\u021bi folosi \u00een mod regulat pic\u0103turi pentru ochi.\nAcestea <strong>hidrateaz\u0103 ochii<\/strong> \u0219i amelioreaz\u0103 m\u00e2nc\u0103rimea, arsura \u0219i l\u0103crimarea crescut\u0103 a ochilor. <\/p>\n\n\n\n<h3 class=\"wp-block-heading\">Evita\u021bi iritan\u021bii  <\/h3>\n\n\n\n<p>Dac\u0103 ochii dvs. sunt deja irita\u021bi de purtarea lentilelor de contact, trebuie s\u0103 ave\u021bi grij\u0103 s\u0103 evita\u021bi pe c\u00e2t posibil al\u021bi poten\u021biali iritan\u021bi.\nAcestea includ, de exemplu <\/p>\n\n\n\n<ul class=\"wp-block-list\">\n<li>Smoke<\/li>\n\n\n\n<li>Praf<\/li>\n\n\n\n<li>Produse chimice<\/li>\n\n\n\n<li>Cosmetice<\/li>\n<\/ul>\n<\/div>\n<\/div>\n\n<h2 class=\"wp-block-heading\">Mijloace \u0219i metode vizuale alternative<\/h2>\n\n<p>\u00cen cazul \u00een care toate contram\u0103surile nu sunt de ajutor, ave\u021bi op\u021biunea de a corecta defectul vizual utiliz\u00e2nd mijloace vizuale alternative sau alte metode, cum ar fi interven\u021bia chirurgical\u0103.<\/p>\n\n<h3 class=\"wp-block-heading\">Recurgerea la ajutorul vizual clasic: ochelarii<\/h3>\n\n<p>Avantajul ochelarilor este c\u0103 sunt <strong>u\u0219or de utilizat<\/strong>, nu necesit\u0103 \u00eengrijire special\u0103 \u0219i pot servi \u0219i ca accesoriu de mod\u0103.\nPrin ajustarea lentilelor, ochelarii pot fi personaliza\u021bi pentru diferite intensit\u0103\u021bi ale deficien\u021belor de vedere \u0219i diferite tipuri de defecte vizuale: <\/p>\n\n<ul class=\"wp-block-list\">\n<li><a href=\"https:\/\/eyelaser.at\/ro\/operatie-oculara-cu-laser-pentru-miopie\/\">Miopia  <\/a><\/li>\n\n\n\n<li><a href=\"https:\/\/eyelaser.at\/ro\/hipermetropie-chirurgie-oculara-cu-laser\/\">Hipermetropie<\/a><\/li>\n\n\n\n<li><a href=\"https:\/\/eyelaser.at\/ro\/chirurgie-oculara-cu-laser-pentru-astigmatism\/\">Astigmatism<\/a><\/li>\n\n\n\n<li><a href=\"https:\/\/eyelaser.at\/ro\/tratamente-pentru-prezbiopie\/\"><\/a><a href=\"https:\/\/eyelaser.at\/ro\/tratamente-pentru-prezbiopie\/\">Presbiopie (presbiopie)<\/a><\/li>\n<\/ul>\n\n<h3 class=\"wp-block-heading\">Op\u021biuni de chirurgie refractiv\u0103: chirurgia ocular\u0103 cu laser<\/h3>\n\n<p>Diverse defecte de vedere pot fi corectate permanent cu ajutorul chirurgiei cu laser: Miopia, hipermetropia, astigmatismul.\nUn laser excimer modific\u0103 corneea \u00een a\u0219a fel \u00eenc\u00e2t puterea de refrac\u021bie a ochiului este ajustat\u0103.\nDup\u0103 interven\u021bia chirurgical\u0103, de multe ori nu mai sunt necesare mijloace de asisten\u021b\u0103 vizual\u0103.\n\u00cen plus, <strong>ratele de succes ale chirurgiei cu laser<\/strong> sunt <strong>foarte ridicate.<\/strong> Acesta este motivul pentru care chirurgia ocular\u0103 cu laser devine din ce \u00een ce mai popular\u0103.\nExist\u0103 diferite metode, inclusiv, de exemplu    <\/p>\n\n<ul class=\"wp-block-list\">\n<li><a href=\"https:\/\/eyelaser.at\/ro\/femto-lasik-chirurgie-oculara-cu-laser-viena\/\">Femto-LASIK<\/a><\/li>\n\n\n\n<li><a href=\"https:\/\/eyelaser.at\/ro\/chirurgia-oculara-cu-laser-trans-prk\/\">Trans-PRK<\/a><\/li>\n\n\n\n<li><a href=\"https:\/\/eyelaser.at\/ro\/relex-smile\/\"><\/a><a href=\"https:\/\/eyelaser.at\/ro\/relex-smile\/\">ReLEX-SMILE<\/a><\/li>\n<\/ul>\n\n<p>Cu toate acestea, chirurgia ocular\u0103 cu laser nu este potrivit\u0103 pentru toat\u0103 lumea. <strong>Bolile oculare sau o cornee prea sub\u021bire<\/strong> pot fi motive de excludere.\nTrebuie s\u0103 discuta\u021bi cu un oftalmolog dac\u0103 chirurgia ocular\u0103 cu laser este posibil\u0103 pentru dvs. \u0219i care este metoda potrivit\u0103 pentru dvs. <\/p>\n\n<h3 class=\"wp-block-heading\">Implanturi de lentile (ICL) pentru defecte vizuale pronun\u021bate<\/h3>\n\n<p>O alt\u0103 op\u021biune pentru <strong>chirurgia<\/strong> refractiv\u0103 <strong>este un <a href=\"https:\/\/eyelaser.at\/ro\/implantarea-lentilelor-lentile-icl-phake\/\">implant de lentile<\/a>.<\/strong> O lentil\u0103 artificial\u0103 este introdus\u0103 \u00een ochi.\nAceasta ajusteaz\u0103 puterea de refrac\u021bie a ochiului \u0219i corecteaz\u0103 defectele de vedere.\nAceasta este potrivit\u0103 pentru <strong>miopie, hipermetropie \u0219i prezbiopie<\/strong>. Implanturile de lentile sunt adesea utilizate pentru defecte de vedere deosebit de grave sau atunci c\u00e2nd chirurgia ocular\u0103 cu laser nu este posibil\u0103 din diverse motive.  <\/p>\n\n<h3 class=\"wp-block-heading\">Ortokeratologie: vedere mai bun\u0103 peste noapte<\/h3>\n\n<p>Ortokeratologia este o metod\u0103 \u00een care lentilele de contact rigide speciale sunt purtate peste noapte.\nLentilele speciale modific\u0103 temporar forma corneei, astfel \u00eenc\u00e2t puterea de refrac\u021bie este ajustat\u0103.\nRezultatul: o vedere temporar mai bun\u0103.\nAjustarea pe termen scurt a puterii de refrac\u021bie \u00eenseamn\u0103 c\u0103 ajutoarele vizuale nu mai sunt necesare \u00een timpul zilei.   <\/p>\n","protected":false},"excerpt":{"rendered":"<p>Lentilele de contact sunt un ajutor vizual popular. Cu toate acestea, purtarea lor nu este \u00eentotdeauna posibil\u0103 f\u0103r\u0103 disconfort: multe&#8230;<\/p>\n","protected":false},"author":9,"featured_media":27553,"comment_status":"closed","ping_status":"closed","sticky":false,"template":"","format":"standard","meta":{"_acf_changed":false,"footnotes":""},"categories":[44],"tags":[],"class_list":["post-27550","post","type-post","status-publish","format-standard","has-post-thumbnail","hentry","category-44"],"acf":[],"_links":{"self":[{"href":"https:\/\/eyelaser.at\/ro\/wp-json\/wp\/v2\/posts\/27550","targetHints":{"allow":["GET"]}}],"collection":[{"href":"https:\/\/eyelaser.at\/ro\/wp-json\/wp\/v2\/posts"}],"about":[{"href":"https:\/\/eyelaser.at\/ro\/wp-json\/wp\/v2\/types\/post"}],"author":[{"embeddable":true,"href":"https:\/\/eyelaser.at\/ro\/wp-json\/wp\/v2\/users\/9"}],"replies":[{"embeddable":true,"href":"https:\/\/eyelaser.at\/ro\/wp-json\/wp\/v2\/comments?post=27550"}],"version-history":[{"count":0,"href":"https:\/\/eyelaser.at\/ro\/wp-json\/wp\/v2\/posts\/27550\/revisions"}],"wp:featuredmedia":[{"embeddable":true,"href":"https:\/\/eyelaser.at\/ro\/wp-json\/wp\/v2\/media\/27553"}],"wp:attachment":[{"href":"https:\/\/eyelaser.at\/ro\/wp-json\/wp\/v2\/media?parent=27550"}],"wp:term":[{"taxonomy":"category","embeddable":true,"href":"https:\/\/eyelaser.at\/ro\/wp-json\/wp\/v2\/categories?post=27550"},{"taxonomy":"post_tag","embeddable":true,"href":"https:\/\/eyelaser.at\/ro\/wp-json\/wp\/v2\/tags?post=27550"}],"curies":[{"name":"wp","href":"https:\/\/api.w.org\/{rel}","templated":true}]}}