{"id":30044,"date":"2021-07-16T10:23:27","date_gmt":"2021-07-16T08:23:27","guid":{"rendered":"https:\/\/eyelaser.at\/czy-po-laserowym-leczeniu-oczu-mozna-podrozowac-samolotem\/"},"modified":"2021-07-16T10:23:27","modified_gmt":"2021-07-16T08:23:27","slug":"czy-po-laserowym-leczeniu-oczu-mozna-podrozowac-samolotem","status":"publish","type":"post","link":"https:\/\/eyelaser.at\/pl\/czy-po-laserowym-leczeniu-oczu-mozna-podrozowac-samolotem\/","title":{"rendered":"Czy po laserowym leczeniu oczu mo\u017cna podr\u00f3\u017cowa\u0107 samolotem?"},"content":{"rendered":"<p><iframe width=\"560\" height=\"500\" src=\"https:\/\/www.youtube.com\/embed\/RSAnA_cCwE0\" title=\"Odtwarzacz wideo YouTube\" frameborder=\"0\" allow=\"accelerometer; autoplay; clipboard-write; encrypted-media; gyroscope; picture-in-picture\" allowfullscreen=\"\"><\/iframe><\/p>\n<h3>Dr Victor Derhartunian wyja\u015bnia, o czym nale\u017cy pami\u0119ta\u0107 podczas podr\u00f3\u017cy samolotem po laserowej operacji oczu.<\/h3>\n<p>Po laserowym leczeniu oczu nic nie stoi na przeszkodzie, aby podr\u00f3\u017cowa\u0107 samolotem. Nale\u017cy pami\u0119ta\u0107 o jednej rzeczy, poniewa\u017c powietrze w samolocie jest do\u015b\u0107 suche: nale\u017cy cz\u0119sto nawil\u017ca\u0107 oczy podczas lotu. <\/p>\n<p>&nbsp;<\/p>\n","protected":false},"excerpt":{"rendered":"<p>Czy po laserowym leczeniu oczu mo\u017cna podr\u00f3\u017cowa\u0107 samolotem? Dowiedz si\u0119, o czym nale\u017cy pami\u0119ta\u0107 podczas podr\u00f3\u017cy samolotem. Wi\u0119cej&#8230;  <\/p>\n","protected":false},"author":9,"featured_media":0,"comment_status":"closed","ping_status":"closed","sticky":false,"template":"","format":"standard","meta":{"_acf_changed":false,"footnotes":""},"categories":[133],"tags":[],"class_list":["post-30044","post","type-post","status-publish","format-standard","hentry","category-laserowa-chirurgia-oka-pl"],"acf":[],"_links":{"self":[{"href":"https:\/\/eyelaser.at\/pl\/wp-json\/wp\/v2\/posts\/30044","targetHints":{"allow":["GET"]}}],"collection":[{"href":"https:\/\/eyelaser.at\/pl\/wp-json\/wp\/v2\/posts"}],"about":[{"href":"https:\/\/eyelaser.at\/pl\/wp-json\/wp\/v2\/types\/post"}],"author":[{"embeddable":true,"href":"https:\/\/eyelaser.at\/pl\/wp-json\/wp\/v2\/users\/9"}],"replies":[{"embeddable":true,"href":"https:\/\/eyelaser.at\/pl\/wp-json\/wp\/v2\/comments?post=30044"}],"version-history":[{"count":0,"href":"https:\/\/eyelaser.at\/pl\/wp-json\/wp\/v2\/posts\/30044\/revisions"}],"wp:attachment":[{"href":"https:\/\/eyelaser.at\/pl\/wp-json\/wp\/v2\/media?parent=30044"}],"wp:term":[{"taxonomy":"category","embeddable":true,"href":"https:\/\/eyelaser.at\/pl\/wp-json\/wp\/v2\/categories?post=30044"},{"taxonomy":"post_tag","embeddable":true,"href":"https:\/\/eyelaser.at\/pl\/wp-json\/wp\/v2\/tags?post=30044"}],"curies":[{"name":"wp","href":"https:\/\/api.w.org\/{rel}","templated":true}]}}